{"id":19604,"date":"2018-05-29T11:45:21","date_gmt":"2018-05-29T11:45:21","guid":{"rendered":"https:\/\/commo.es\/breve-guia-para-entender-la-gdpr\/"},"modified":"2018-05-30T11:06:54","modified_gmt":"2018-05-30T11:06:54","slug":"breu-guia-per-entendre-la-gdpr","status":"publish","type":"post","link":"https:\/\/commo.es\/ca\/breu-guia-per-entendre-la-gdpr\/","title":{"rendered":"Breu guia per entendre la GDPR"},"content":{"rendered":"<p>Aquesta setmana hi ha un tema que ha acaparat l&#8217;atenci\u00f3 de tots els internautes, i no estem parlant del fam\u00f3s fil de Twitter del judici a la <a href=\"https:\/\/verne.elpais.com\/verne\/2018\/05\/25\/articulo\/1527239766_826031.html\" target=\"_blank\" rel=\"noopener\">senyora de les plantilles<\/a>. Ens referim al <strong>Reglament General de Protecci\u00f3 de <\/strong><strong>Dades (GDPR)<\/strong>.<\/p>\n<p>Encara que ens juguem el cap al fet que durant els \u00faltims dies has rebut desenes de correus demanant seguir en contacte, la realitat \u00e9s que aquesta llei va entrar en vigor el 24 de maig de 2016. S\u00ed, s\u00ed, totes aquestes empreses han tingut dos anys per adaptar-se als nous requisits, encara que la major part ha apurat fins als \u00faltims dies.<\/p>\n<p>Per\u00f2 qu\u00e8 \u00e9s exactament la\u00a0GDPR?\u00a0Es tracta d&#8217;una <strong>llei impulsada des de la Uni\u00f3 Europea<\/strong> que pret\u00e9n donar als ciutadans m\u00e9s control sobre les <a href=\"https:\/\/eugdprcompliant.com\/es\/datos-personales\/\" target=\"_blank\" rel=\"noopener\">dades que les empreses posseeixen<\/a> sobre ells, com adrecis IP, dades econ\u00f2miques, adre\u00e7a o comptes en xarxes socials. Tamb\u00e9 \u2013diuen des de la UE- ser\u00e0 beneficiosa per a les companyies, ja que significar\u00e0 una unificaci\u00f3 de les lleis de protecci\u00f3 de dades de tots els estats membres.<\/p>\n<p>Segurament (si has tingut el valor d&#8217;obrir tots els mails rebuts aquesta setmana) t&#8217;haur\u00e0s adonat que no totes les empreses t&#8217;escriuen amb el mateix \u201cprop\u00f2sit\u201d. Aix\u00f2 es deu al fet que existeixen <a href=\"https:\/\/www.xataka.com\/legislacion-y-derechos\/gdpr-dos-tipos-emails-necesitan-no-empresas-mi-permiso-para-seguir-comunicandose-conmigo\" target=\"_blank\" rel=\"noopener\">dos tipus de mails<\/a>: en un d&#8217;ells et demanen que acceptis expressament les noves condicions, fent clic en un bot\u00f3. Algunes empreses han volgut fer-ho \u201cm\u00e9s interessant\u201d oferint descomptes o sorteigs per a aquells que decideixin quedar-se. El segon cas \u00e9s el de les companyies que consideren que ja ho estan fent b\u00e9 i que la seva pol\u00edtica de gesti\u00f3 de dades est\u00e0 adaptada a la nova llei. Aquests mails s\u00f3n merament informatius perqu\u00e8 ja comptaven amb el <strong>consentiment expl\u00edcit dels seus usuaris<\/strong>.<\/p>\n<p>Tothom que s&#8217;hagi informat de qu\u00e8 els pot passar a les empreses si no s&#8217;adapten a aquesta nova llei haur\u00e0 llegit el fam\u00f3s 4%. I \u00e9s que les sancions anunciades per la UE parlen de <strong>20 milions d&#8217;euros o un 4% <\/strong>de la facturaci\u00f3 d&#8217;aquest any, depenent de quina sigui la xifra m\u00e9s alta. No obstant aix\u00f2, molts experts apunten al fet que no es far\u00e0 efectiva cap sanci\u00f3 fins a passats dos anys; ja que \u00e9s el temps en el qual els reguladors europeus treballaran per saber com fer complir la\u00a0GDPR.<\/p>\n<p>M\u00e9s enll\u00e0 del consentiment per rebre mails, altres aspectes que canviaran a partir d&#8217;ara s\u00f3n, per exemple, que les empreses hauran de tenir disponible per a la nostra <strong>consulta una c\u00f2pia de totes les dades<\/strong> que disposen de nosaltres. I si volem que deixin de tenir-les? Es facilita el <a href=\"https:\/\/www.gdpr.energy\/nuevo-derecho-al-olvido-en-la-web-2018\/\" target=\"_blank\" rel=\"noopener\">dret a l&#8217;oblit<\/a>. Si l\u2019interessat ja no desitja que disposin de les seves dades o considera que ja no \u00e9s \u00fatil que es conservin, pot sol\u00b7licitar que es retirin immediatament.<\/p>\n<p>Arribarem a l&#8217;estat ideal on coneixerem amb quins prop\u00f2sits emmagatzemen i utilitzen les empreses totes les nostres dades? El m\u00e9s probable \u00e9s que no, per\u00f2 la GDPR \u00e9s un pas per continuar avan\u00e7ant.<\/p>\n","protected":false},"excerpt":{"rendered":"<p>Aquesta setmana hi ha un tema que ha acaparat l&#8217;atenci\u00f3 de tots&#8230;<\/p>\n","protected":false},"author":6,"featured_media":19602,"comment_status":"closed","ping_status":"closed","sticky":false,"template":"","format":"standard","meta":{"_jetpack_memberships_contains_paid_content":false,"footnotes":""},"categories":[438,211],"tags":[1497,1501,1498,1492,1496,1499,1500],"class_list":["post-19604","post","type-post","status-publish","format-standard","has-post-thumbnail","hentry","category-marketing-ca","category-online-ca","tag-dades-consumidor","tag-dret-a-loblit-gdpr","tag-email-consentiment-dades","tag-gdpr-ca","tag-llei-proteccio-dades","tag-reglament-general-de-proteccio-de-dades","tag-sancions-gdpr"],"jetpack_featured_media_url":"https:\/\/commo.es\/wp-content\/uploads\/2018\/05\/email-1903444_1920.jpg","jetpack_sharing_enabled":true,"_links":{"self":[{"href":"https:\/\/commo.es\/ca\/wp-json\/wp\/v2\/posts\/19604","targetHints":{"allow":["GET"]}}],"collection":[{"href":"https:\/\/commo.es\/ca\/wp-json\/wp\/v2\/posts"}],"about":[{"href":"https:\/\/commo.es\/ca\/wp-json\/wp\/v2\/types\/post"}],"author":[{"embeddable":true,"href":"https:\/\/commo.es\/ca\/wp-json\/wp\/v2\/users\/6"}],"replies":[{"embeddable":true,"href":"https:\/\/commo.es\/ca\/wp-json\/wp\/v2\/comments?post=19604"}],"version-history":[{"count":2,"href":"https:\/\/commo.es\/ca\/wp-json\/wp\/v2\/posts\/19604\/revisions"}],"predecessor-version":[{"id":19606,"href":"https:\/\/commo.es\/ca\/wp-json\/wp\/v2\/posts\/19604\/revisions\/19606"}],"wp:featuredmedia":[{"embeddable":true,"href":"https:\/\/commo.es\/ca\/wp-json\/wp\/v2\/media\/19602"}],"wp:attachment":[{"href":"https:\/\/commo.es\/ca\/wp-json\/wp\/v2\/media?parent=19604"}],"wp:term":[{"taxonomy":"category","embeddable":true,"href":"https:\/\/commo.es\/ca\/wp-json\/wp\/v2\/categories?post=19604"},{"taxonomy":"post_tag","embeddable":true,"href":"https:\/\/commo.es\/ca\/wp-json\/wp\/v2\/tags?post=19604"}],"curies":[{"name":"wp","href":"https:\/\/api.w.org\/{rel}","templated":true}]}}